{"id":13249,"date":"2026-05-01T07:15:46","date_gmt":"2026-05-01T07:15:46","guid":{"rendered":"https:\/\/inel.com\/besuchen-sie-inel-auf-der-interpack-2026\/"},"modified":"2026-07-13T11:50:50","modified_gmt":"2026-07-13T11:50:50","slug":"besuchen-sie-inel-auf-der-interpack-2026","status":"publish","type":"post","link":"https:\/\/inel.com\/de\/besuchen-sie-inel-auf-der-interpack-2026\/","title":{"rendered":"Besuchen Sie INEL auf der Interpack 2026"},"content":{"rendered":"&#13;\n<p class=\"wp-block-paragraph\"><strong>Wir freuen uns, Ihnen mitteilen zu k\u00f6nnen, dass INEL auf der Interpack 2026 ausstellen wird, einer der weltweit f\u00fchrenden Fachmessen f\u00fcr Verpackung und Verarbeitung, die vom 7. bis 13. Mai 2026 in D\u00fcsseldorf, Deutschland, stattfindet.<\/strong><\/p>&#13;\n<p><strong>Sie finden uns in Halle 15, Stand B60<\/strong>, wo wir unsere neuesten Innovationen im Bereich End-of-Line-Automatisierung pr\u00e4sentieren werden, darunter L\u00f6sungen f\u00fcr Serialisierung, Aggregation, Etikettierung und Sichtpr\u00fcfung.<\/p>&#13;\n<p>Die Interpack bietet eine einzigartige Gelegenheit, sich mit Fachleuten aus der globalen Verpackungs- und Pharmaindustrie zu vernetzen. Wir freuen uns darauf, sowohl langj\u00e4hrige Partner als auch neue Unternehmen zu treffen, die zuverl\u00e4ssige, flexible und konforme Automatisierungsl\u00f6sungen suchen. <\/p>&#13;\n<p>Durch den Besuch unseres Standes haben Sie die M\u00f6glichkeit, unsere Spezialisten pers\u00f6nlich kennenzulernen, mehr \u00fcber unser Unternehmen und unsere Expertise zu erfahren, unsere neuesten technologischen Innovationen zu entdecken und zu erkunden, wie unsere End-of-Line-L\u00f6sungen Ihre Produktionsziele unterst\u00fctzen k\u00f6nnen.<\/p>&#13;\n<p> <\/p>&#13;\n<p><strong>Wenn Sie im Voraus ein Treffen oder eine private Pr\u00e4sentation vereinbaren m\u00f6chten, k\u00f6nnen Sie uns gerne unter <a href=\"mailto:sales@inel.com\">sales@inel.com<\/a> kontaktieren.<\/strong><\/p>&#13;\n<p>Wir freuen uns darauf, Sie in Halle 15, Stand B60 auf der Interpack 2026 begr\u00fc\u00dfen zu d\u00fcrfen.<\/p>&#13;\n","protected":false},"excerpt":{"rendered":"<p>&#13; Wir freuen uns, Ihnen mitteilen zu k\u00f6nnen, dass INEL auf der [&hellip;]<\/p>\n","protected":false},"author":1,"featured_media":14412,"comment_status":"closed","ping_status":"closed","sticky":false,"template":"","format":"standard","meta":{"_acf_changed":false,"_angie_page":false,"page_builder":"","footnotes":""},"categories":[1,31],"tags":[41,42,43],"class_list":["post-13249","post","type-post","status-publish","format-standard","has-post-thumbnail","hentry","category-uncategorized","category-unkategorisiert","tag-fertigung","tag-produktion","tag-robotik"],"acf":[],"_links":{"self":[{"href":"https:\/\/inel.com\/de\/wp-json\/wp\/v2\/posts\/13249","targetHints":{"allow":["GET"]}}],"collection":[{"href":"https:\/\/inel.com\/de\/wp-json\/wp\/v2\/posts"}],"about":[{"href":"https:\/\/inel.com\/de\/wp-json\/wp\/v2\/types\/post"}],"author":[{"embeddable":true,"href":"https:\/\/inel.com\/de\/wp-json\/wp\/v2\/users\/1"}],"replies":[{"embeddable":true,"href":"https:\/\/inel.com\/de\/wp-json\/wp\/v2\/comments?post=13249"}],"version-history":[{"count":2,"href":"https:\/\/inel.com\/de\/wp-json\/wp\/v2\/posts\/13249\/revisions"}],"predecessor-version":[{"id":13251,"href":"https:\/\/inel.com\/de\/wp-json\/wp\/v2\/posts\/13249\/revisions\/13251"}],"wp:featuredmedia":[{"embeddable":true,"href":"https:\/\/inel.com\/de\/wp-json\/wp\/v2\/media\/14412"}],"wp:attachment":[{"href":"https:\/\/inel.com\/de\/wp-json\/wp\/v2\/media?parent=13249"}],"wp:term":[{"taxonomy":"category","embeddable":true,"href":"https:\/\/inel.com\/de\/wp-json\/wp\/v2\/categories?post=13249"},{"taxonomy":"post_tag","embeddable":true,"href":"https:\/\/inel.com\/de\/wp-json\/wp\/v2\/tags?post=13249"}],"curies":[{"name":"wp","href":"https:\/\/api.w.org\/{rel}","templated":true}]}}