{"id":13221,"date":"2025-09-25T07:15:03","date_gmt":"2025-09-25T07:15:03","guid":{"rendered":"https:\/\/inel.com\/treffen-sie-uns-auf-der-cphi-frankfurt-2025\/"},"modified":"2026-07-13T11:49:07","modified_gmt":"2026-07-13T11:49:07","slug":"treffen-sie-uns-auf-der-cphi-frankfurt-2025","status":"publish","type":"post","link":"https:\/\/inel.com\/de\/treffen-sie-uns-auf-der-cphi-frankfurt-2025\/","title":{"rendered":"Treffen Sie uns auf der CPHI Frankfurt 2025"},"content":{"rendered":"&#13;\n<p class=\"wp-block-paragraph\"><strong>Merken Sie sich das Datum vor! Vom 28. bis 30. Oktober 2025 wird INEL auf der CPHI Frankfurt \u2013 im Herzen der Pharmaindustrie \u2013 ausstellen.<\/strong><\/p>&#13;\n<p><strong>Sie finden uns in Halle 9, Stand F58.<\/strong><\/p>&#13;\n<p>Dies ist eine gro\u00dfartige Gelegenheit, unsere Spezialisten zu treffen, mehr \u00fcber unser Unternehmen zu erfahren, unsere neuesten Innovationen zu entdecken und zu erkunden, wie unsere End-of-Line-L\u00f6sungen Ihr Gesch\u00e4ft unterst\u00fctzen k\u00f6nnen.<\/p>&#13;\n<p><strong>Wenn Sie im Voraus ein Meeting oder eine private Pr\u00e4sentation vereinbaren m\u00f6chten, kontaktieren Sie uns gerne unter <a href=\"mailto:sales@inel.com\">sales@inel.com<\/a>.<\/strong><\/p>&#13;\n<p>Wir freuen uns darauf, Sie in Frankfurt zu treffen!<\/p>&#13;\n","protected":false},"excerpt":{"rendered":"<p>&#13; Merken Sie sich das Datum vor! Vom 28. bis 30. Oktober [&hellip;]<\/p>\n","protected":false},"author":1,"featured_media":14413,"comment_status":"closed","ping_status":"closed","sticky":false,"template":"","format":"standard","meta":{"_acf_changed":false,"_angie_page":false,"page_builder":"","footnotes":""},"categories":[1,31],"tags":[41,42,43],"class_list":["post-13221","post","type-post","status-publish","format-standard","has-post-thumbnail","hentry","category-uncategorized","category-unkategorisiert","tag-fertigung","tag-produktion","tag-robotik"],"acf":[],"_links":{"self":[{"href":"https:\/\/inel.com\/de\/wp-json\/wp\/v2\/posts\/13221","targetHints":{"allow":["GET"]}}],"collection":[{"href":"https:\/\/inel.com\/de\/wp-json\/wp\/v2\/posts"}],"about":[{"href":"https:\/\/inel.com\/de\/wp-json\/wp\/v2\/types\/post"}],"author":[{"embeddable":true,"href":"https:\/\/inel.com\/de\/wp-json\/wp\/v2\/users\/1"}],"replies":[{"embeddable":true,"href":"https:\/\/inel.com\/de\/wp-json\/wp\/v2\/comments?post=13221"}],"version-history":[{"count":2,"href":"https:\/\/inel.com\/de\/wp-json\/wp\/v2\/posts\/13221\/revisions"}],"predecessor-version":[{"id":13223,"href":"https:\/\/inel.com\/de\/wp-json\/wp\/v2\/posts\/13221\/revisions\/13223"}],"wp:featuredmedia":[{"embeddable":true,"href":"https:\/\/inel.com\/de\/wp-json\/wp\/v2\/media\/14413"}],"wp:attachment":[{"href":"https:\/\/inel.com\/de\/wp-json\/wp\/v2\/media?parent=13221"}],"wp:term":[{"taxonomy":"category","embeddable":true,"href":"https:\/\/inel.com\/de\/wp-json\/wp\/v2\/categories?post=13221"},{"taxonomy":"post_tag","embeddable":true,"href":"https:\/\/inel.com\/de\/wp-json\/wp\/v2\/tags?post=13221"}],"curies":[{"name":"wp","href":"https:\/\/api.w.org\/{rel}","templated":true}]}}